{"id":1372,"date":"2017-12-07T06:35:49","date_gmt":"2017-12-07T05:35:49","guid":{"rendered":"https:\/\/www.bubakov.net\/?p=1372"},"modified":"2017-12-07T06:38:41","modified_gmt":"2017-12-07T05:38:41","slug":"autorske-pravo-a-prava-souvisejici","status":"publish","type":"post","link":"https:\/\/www.bubakov.net\/?p=1372","title":{"rendered":"Autorsk\u00e9 pr\u00e1vo a pr\u00e1va souvisej\u00edc\u00ed"},"content":{"rendered":"<p><a href=\"https:\/\/www.knihyleges.cz\/files\/15401.jpg\"><img loading=\"lazy\" decoding=\"async\" class=\"alignleft \" src=\"https:\/\/www.knihyleges.cz\/files\/15401.jpg\" width=\"151\" height=\"214\" \/><\/a>Novostra\u0161eckou m\u011bstskou knihovnu obohatil p\u0159\u00edr\u016fstek, kter\u00fd z\u0159ejm\u011b velkou oblibu nez\u00edsk\u00e1. Vysoko\u0161kolsk\u00e1 u\u010debnice autorsk\u00e9ho pr\u00e1va z&nbsp;per renomovan\u00fdch autor\u016f se v\u011bnuje mnoha oblastem a v\u00fdjimkou nen\u00ed ani Internet, nato\u017e trestn\u00ed pr\u00e1vo, kter\u00e9 \u010das od \u010dasu mus\u00ed \u0159e\u0161it n\u00e1sledky nerespektov\u00e1n\u00ed pr\u00e1va autorsk\u00e9ho.<!--more--><\/p>\n<p>Autorsk\u00e9 pr\u00e1vo nen\u00ed jen o v\u00fdb\u011bru odm\u011bn autor\u016fm, ale nap\u0159. i o spr\u00e1vn\u00fdch citac\u00edch. S&nbsp;t\u00edm maj\u00ed probl\u00e9my nejen \u017e\u00e1ci a studenti r\u016fzn\u00fdch typ\u016f \u0161kol, ale poh\u0159\u00edchu n\u011bkdy i jej\u00edch pedagogov\u00e9..<\/p>\n<p>Miroslav Vachek<\/p>\n<hr \/>\n<p>Kniha byla za\u0159azena do programu <a href=\"\/?cat=14\">Bub\u00e1kov \u010dte<\/a> a byla v\u011bnov\u00e1na novostra\u0161eck\u00e9 knihovn\u011b, kde si ji lze p\u016fj\u010dit.<\/p>\n<hr \/>\n<p><strong>Autorsk\u00e9 pr\u00e1vo a pr\u00e1va souvisej\u00edc\u00ed<br \/>\nVysoko\u0161kolsk\u00e1 u\u010debnice<\/strong><\/p>\n<ul>\n<li>Auto\u0159i:\u00a0Ji\u0159\u00ed Srstka a kolektiv autor\u016f: Jan Bart\u00e1k, Tom\u00e1\u0161 Dob\u0159ichovsk\u00fd, Pavel Koukal, Rudolf Le\u0161ka, Pavel Mates, Petr Prchal, Franti\u0161ek P\u00fary, Petra Sk\u0159ejpkov\u00e1, Vladim\u00edr Smejkal, Ivo Telec, Franti\u0161ek Vysko\u010dil, Petra \u017dikovsk\u00e1<\/li>\n<li>Nakladatel: Nakladatelstv\u00ed Leges<\/li>\n<li>ISBN: 978-80-7502-240-0<\/li>\n<li>Rozsah: 416 stran<\/li>\n<li>Rok vyd\u00e1n\u00ed: 2017, 1.vyd\u00e1n\u00ed<\/li>\n<\/ul>\n","protected":false},"excerpt":{"rendered":"<p>Novostra\u0161eckou m\u011bstskou knihovnu obohatil p\u0159\u00edr\u016fstek, kter\u00fd z\u0159ejm\u011b velkou oblibu nez\u00edsk\u00e1. Vysoko\u0161kolsk\u00e1 u\u010debnice autorsk\u00e9ho pr\u00e1va z&nbsp;per renomovan\u00fdch autor\u016f se v\u011bnuje mnoha oblastem a v\u00fdjimkou nen\u00ed ani Internet, nato\u017e trestn\u00ed pr\u00e1vo, kter\u00e9 &#8230;<\/p>\n","protected":false},"author":1,"featured_media":0,"comment_status":"closed","ping_status":"closed","sticky":false,"template":"","format":"standard","meta":{"inline_featured_image":false,"footnotes":""},"categories":[14],"class_list":["post-1372","post","type-post","status-publish","format-standard","hentry","category-knihy"],"publishpress_future_action":{"enabled":false,"date":"2026-05-09 01:28:08","action":"category","newStatus":"draft","terms":[],"taxonomy":"category"},"publishpress_future_workflow_manual_trigger":{"enabledWorkflows":[]},"_links":{"self":[{"href":"https:\/\/www.bubakov.net\/index.php?rest_route=\/wp\/v2\/posts\/1372","targetHints":{"allow":["GET"]}}],"collection":[{"href":"https:\/\/www.bubakov.net\/index.php?rest_route=\/wp\/v2\/posts"}],"about":[{"href":"https:\/\/www.bubakov.net\/index.php?rest_route=\/wp\/v2\/types\/post"}],"author":[{"embeddable":true,"href":"https:\/\/www.bubakov.net\/index.php?rest_route=\/wp\/v2\/users\/1"}],"replies":[{"embeddable":true,"href":"https:\/\/www.bubakov.net\/index.php?rest_route=%2Fwp%2Fv2%2Fcomments&post=1372"}],"version-history":[{"count":2,"href":"https:\/\/www.bubakov.net\/index.php?rest_route=\/wp\/v2\/posts\/1372\/revisions"}],"predecessor-version":[{"id":1374,"href":"https:\/\/www.bubakov.net\/index.php?rest_route=\/wp\/v2\/posts\/1372\/revisions\/1374"}],"wp:attachment":[{"href":"https:\/\/www.bubakov.net\/index.php?rest_route=%2Fwp%2Fv2%2Fmedia&parent=1372"}],"wp:term":[{"taxonomy":"category","embeddable":true,"href":"https:\/\/www.bubakov.net\/index.php?rest_route=%2Fwp%2Fv2%2Fcategories&post=1372"}],"curies":[{"name":"wp","href":"https:\/\/api.w.org\/{rel}","templated":true}]}}