{"id":5026,"date":"2025-03-26T09:09:27","date_gmt":"2025-03-26T08:09:27","guid":{"rendered":"https:\/\/www.bubakov.net\/?p=5026"},"modified":"2025-03-24T09:20:22","modified_gmt":"2025-03-24T08:20:22","slug":"dr-alz","status":"publish","type":"post","link":"https:\/\/www.bubakov.net\/?p=5026","title":{"rendered":"Dr. Alz"},"content":{"rendered":"<p><a href=\"https:\/\/obalky.kosmas.cz\/ArticleCovers\/541\/649_base.jpg\"><img loading=\"lazy\" decoding=\"async\" class=\"alignleft \" src=\"https:\/\/obalky.kosmas.cz\/ArticleCovers\/541\/649_base.jpg\" width=\"150\" height=\"205\" \/><\/a>Kni\u017en\u00ed \u0161pal\u00ed\u010dek v&nbsp;podob\u011b star\u00e9 d\u0159ev\u011bn\u00e9 l\u00e9k\u00e1rni\u010dky, kter\u00e1 b\u00fdvala v&nbsp;dom\u00e1cnostech i instituc\u00edch zejm\u00e9na v&nbsp;prvn\u00ed polovin\u011b 20.&nbsp;stolet\u00ed, zaujme vizu\u00e1ln\u011b na prvn\u00ed pohled. Na p\u0159\u00edde\u0161t\u00ed knihy je zobrazen vnit\u0159n\u00ed obsah l\u00e9k\u00e1rni\u010dky a trochu sm\u011b\u0159uje \u010dten\u00e1\u0159ovo uva\u017eov\u00e1n\u00ed k&nbsp;tomu, \u017ee se vrac\u00edme do minulosti, ale z\u00e1rove\u0148 pob\u00fdv\u00e1me i v&nbsp;sou\u010dasnosti. I struktura pou\u017eit\u00e9ho pap\u00edru a \u010dervenohn\u011bd\u00e1 o\u0159\u00edzka m\u00ed\u0159\u00ed sp\u00ed\u0161e ke star\u0161\u00edm \u010das\u016fm.<\/p>\n<p>Hrdina vypr\u00e1v\u011bn\u00ed se jmenuje Gustav Molitor, je b\u00fdval\u00fdm nakladatelsk\u00fdm redaktorem a je mu pr\u00e1v\u011b diagnostikov\u00e1na po\u010d\u00ednaj\u00edc\u00ed Alzheimerova choroba. Tak docela l\u00e9ka\u0159sk\u00e9mu sd\u011blen\u00ed nev\u011b\u0159\u00ed a rozhodne se ps\u00e1t si z\u00e1pisky, aby mo\u017en\u00e1 s\u00e1m sob\u011b i okol\u00ed dok\u00e1zal, \u017ee diagn\u00f3za je omyl. Sna\u017e\u00ed se ps\u00e1t cokoli, na\u010d si je\u0161t\u011b dok\u00e1\u017ee vzpomenout. Tyto vzpom\u00ednky se m\u00eds\u00ed s&nbsp;aktu\u00e1ln\u00edmi z\u00e1\u017eitky \u2013 humorn\u00fdmi, smutn\u00fdmi, \u010dasto i absurdn\u00edmi. Jeho autorsk\u00e9 koment\u00e1\u0159e k&nbsp;tomu, co pr\u00e1v\u011b napsal, jsou \u010dasto ironick\u00e9 a vtipn\u00e9, je zn\u00e1t, \u017ee si udr\u017euje nadhled. Nebo si to jen mysl\u00ed\u2026 Molitorov\u00fdmi z\u00e1pisky v\u0161ak prosakuje zevnit\u0159 smutek, obavy z&nbsp;dal\u0161\u00edho v\u00fdvoje a strach ze smrti. Jeho stav se postupn\u011b zhor\u0161uje a uprost\u0159ed psan\u00ed odejde. Jeho syn Rudolf, s&nbsp;n\u00edm\u017e m\u011bl velmi komplikovan\u00fd vztah, k&nbsp;z\u00e1pisk\u016fm otce p\u0159id\u00e1v\u00e1 vysv\u011btluj\u00edc\u00ed doslov, aby mohly b\u00fdt vyd\u00e1ny.<\/p>\n<p>Kniha p\u016fsob\u00ed na \u010dten\u00e1\u0159e dvojse\u010dn\u011b. Pro toho, kdo nikdy nepe\u010doval o bl\u00edzkou osobu s\u00a0touto nemoc\u00ed, m\u016f\u017ee b\u00fdt opravdu vtipn\u00e1 a osv\u011b\u017euj\u00edc\u00ed. Mnoho situac\u00ed toti\u017e vlastn\u011b k\u00a0sm\u00edchu je. Ten, kdo s\u00a0projevy nemoci m\u00e1 zku\u0161enost, se u\u017e tolik sm\u00e1t nebude. U\u017e jenom proto, \u017ee mnoho obdobn\u00fdch situac\u00ed nepochybn\u011b za\u017eil a ve chv\u00edli, kdy se tyto situace d\u011bly, rozhodn\u011b k\u00a0sm\u00edchu nebyly. Takov\u00fd \u010dten\u00e1\u0159 ale d\u00edky knize m\u016f\u017ee doj\u00edt ur\u010dit\u00e9ho sm\u00ed\u0159en\u00ed, m\u016f\u017ee l\u00e9pe pochopit, \u017ee n\u011bkdy se prost\u011b ned\u00e1 ud\u011blat v\u00edc a nem\u00e1 smysl si cokoliv vy\u010d\u00edtat.<\/p>\n<p>Iva Vachkov\u00e1<\/p>\n<hr \/>\n<p>Kniha byla za\u0159azena do programu <a href=\"\/?cat=14\">Bub\u00e1kov \u010dte<\/a> a lze si j\u00ed p\u016fj\u010dit v&nbsp;novostra\u0161eck\u00e9 a rudsk\u00e9 knihovn\u011b.<\/p>\n<hr \/>\n<p><strong>Dr. Alz<\/strong><\/p>\n<ul>\n<li>Autor: Milo\u0161 Urban<\/li>\n<li>Nakladatel: Argo<\/li>\n<li>ISBN: 978-80-257-4493-2<\/li>\n<li>Rozsah: 356 stran<\/li>\n<li>Rok vyd\u00e1n\u00ed: 2024<\/li>\n<\/ul>\n","protected":false},"excerpt":{"rendered":"<p>Kni\u017en\u00ed \u0161pal\u00ed\u010dek v&nbsp;podob\u011b star\u00e9 d\u0159ev\u011bn\u00e9 l\u00e9k\u00e1rni\u010dky, kter\u00e1 b\u00fdvala v&nbsp;dom\u00e1cnostech i instituc\u00edch zejm\u00e9na v&nbsp;prvn\u00ed polovin\u011b 20.&nbsp;stolet\u00ed, zaujme vizu\u00e1ln\u011b na prvn\u00ed pohled. Na p\u0159\u00edde\u0161t\u00ed knihy je zobrazen vnit\u0159n\u00ed obsah l\u00e9k\u00e1rni\u010dky a trochu &#8230;<\/p>\n","protected":false},"author":1,"featured_media":0,"comment_status":"closed","ping_status":"closed","sticky":false,"template":"","format":"standard","meta":{"inline_featured_image":false,"footnotes":""},"categories":[14],"class_list":["post-5026","post","type-post","status-publish","format-standard","hentry","category-knihy"],"publishpress_future_action":{"enabled":false,"date":"2026-05-06 19:07:11","action":"category","newStatus":"draft","terms":[],"taxonomy":"category"},"publishpress_future_workflow_manual_trigger":{"enabledWorkflows":[]},"_links":{"self":[{"href":"https:\/\/www.bubakov.net\/index.php?rest_route=\/wp\/v2\/posts\/5026","targetHints":{"allow":["GET"]}}],"collection":[{"href":"https:\/\/www.bubakov.net\/index.php?rest_route=\/wp\/v2\/posts"}],"about":[{"href":"https:\/\/www.bubakov.net\/index.php?rest_route=\/wp\/v2\/types\/post"}],"author":[{"embeddable":true,"href":"https:\/\/www.bubakov.net\/index.php?rest_route=\/wp\/v2\/users\/1"}],"replies":[{"embeddable":true,"href":"https:\/\/www.bubakov.net\/index.php?rest_route=%2Fwp%2Fv2%2Fcomments&post=5026"}],"version-history":[{"count":5,"href":"https:\/\/www.bubakov.net\/index.php?rest_route=\/wp\/v2\/posts\/5026\/revisions"}],"predecessor-version":[{"id":5032,"href":"https:\/\/www.bubakov.net\/index.php?rest_route=\/wp\/v2\/posts\/5026\/revisions\/5032"}],"wp:attachment":[{"href":"https:\/\/www.bubakov.net\/index.php?rest_route=%2Fwp%2Fv2%2Fmedia&parent=5026"}],"wp:term":[{"taxonomy":"category","embeddable":true,"href":"https:\/\/www.bubakov.net\/index.php?rest_route=%2Fwp%2Fv2%2Fcategories&post=5026"}],"curies":[{"name":"wp","href":"https:\/\/api.w.org\/{rel}","templated":true}]}}